{"id":688,"date":"2019-04-13T14:09:59","date_gmt":"2019-04-13T14:09:59","guid":{"rendered":"https:\/\/conpuntoyalolocoblog.wordpress.com\/?p=683"},"modified":"2019-04-13T14:09:59","modified_gmt":"2019-04-13T14:09:59","slug":"transformacion-de-poncho-a-chaqueta","status":"publish","type":"post","link":"https:\/\/conpuntoyaloloco.com\/?p=688","title":{"rendered":"TRANSFORMACI\u00d3N, DE PONCHO A CHAQUETA"},"content":{"rendered":"<p>Hola a tod@s! os acord\u00e1is del poncho que hicimos el a\u00f1o pasado para el canal??<\/p>\n<p>&nbsp;<\/p>\n<div id='gallery-1' class='gallery galleryid-688 gallery-columns-2 gallery-size-thumbnail'><figure class='gallery-item'>\n\t\t\t<div class='gallery-icon portrait'>\n\t\t\t\t<a href='https:\/\/conpuntoyaloloco.com\/?attachment_id=575'><img width=\"150\" height=\"150\" src=\"https:\/\/conpuntoyaloloco.com\/wp-content\/uploads\/2018\/01\/20180121_1308541-150x150.jpg\" class=\"attachment-thumbnail size-thumbnail\" alt=\"\" loading=\"lazy\" aria-describedby=\"gallery-1-575\" \/><\/a>\n\t\t\t<\/div>\n\t\t\t\t<figcaption class='wp-caption-text gallery-caption' id='gallery-1-575'>\n\t\t\t\tformato poncho&#8230;\n\t\t\t\t<\/figcaption><\/figure>\n\t\t<\/div>\n\n<p>Pues he decidido darle una segunda vida, ya que a pesar de que al principio pensaba que me lo pondr\u00eda mucho, es verdad que luego siempre hace o demasiado fr\u00edo o demasiado calor para llevarlo solo como abrigo y debajo del abrigo queda como raro&#8230;en fin, que lo ten\u00eda un poco olvidado en el armario&#8230;hasta ahora!!<\/p>\n<p>Llevaba tiempo pensando en hacerme una chaqueta de ganchillo, sencilla, sin patr\u00f3n\u00a0 pero no sab\u00eda c\u00f3mo exactamente, as\u00ed que un d\u00eda se me encendi\u00f3 la bombilla y dije \u00bfy si pruebo con el poncho?\u00a0 as\u00ed que agarr\u00e9 las tijeras y con mucho cuidado descos\u00ed todas las costuras:<\/p>\n<p><img loading=\"lazy\" class=\"  wp-image-689 aligncenter\" src=\"https:\/\/conpuntoyalolocoblog.files.wordpress.com\/2019\/04\/screenshot_20190413_155330.jpg\" alt=\"Screenshot_20190413_155330\" width=\"313\" height=\"362\" \/><\/p>\n<p>Me quedaron dos rect\u00e1ngulos peque\u00f1o que un\u00ed por los lados m\u00e1s cortos para hacer un rect\u00e1ngulo largo&#8230;. este rect\u00e1ngulo lo dobl\u00e9 por la mitad y cos\u00ed desde los extremos hacia dentro unos 20 cm, dejando el centro sin coser&#8230;no saqu\u00e9 foto de este proceso , sorry!!<\/p>\n<p>De esta manera se crean dos mangas tipo oversize y una chaqueta muy chula con solo un rect\u00e1ngulo de ganchillo&#8230;contadme en comentarios si os gustar\u00eda ver un tutorial en v\u00eddeo de este proceso&#8230;<\/p>\n<p>\u00a1y este es el resultado!!<\/p>\n<div id='gallery-2' class='gallery galleryid-688 gallery-columns-2 gallery-size-thumbnail'><figure class='gallery-item'>\n\t\t\t<div class='gallery-icon portrait'>\n\t\t\t\t<a href='https:\/\/conpuntoyaloloco.com\/?attachment_id=685'><img width=\"150\" height=\"150\" src=\"https:\/\/conpuntoyaloloco.com\/wp-content\/uploads\/2019\/04\/img-20190404-wa0008-150x150.jpg\" class=\"attachment-thumbnail size-thumbnail\" alt=\"\" loading=\"lazy\" \/><\/a>\n\t\t\t<\/div><\/figure>\n\t\t<\/div>\n\n<p>&nbsp;<\/p>\n<p>\u00bfQu\u00e9 os parece? \u00bfalguna vez hab\u00e9is transformado una prenda tejida? contadme!!<\/p>\n","protected":false},"excerpt":{"rendered":"<p>Hola a tod@s! os acord\u00e1is del poncho que hicimos el a\u00f1o pasado para el canal?? &nbsp; Pues he decidido darle una segunda vida, ya que a pesar de que al principio pensaba que me lo pondr\u00eda mucho, es verdad que luego siempre hace o demasiado fr\u00edo o demasiado calor para llevarlo solo como abrigo y [&hellip;]<\/p>\n","protected":false},"author":2,"featured_media":692,"comment_status":"open","ping_status":"open","sticky":false,"template":"","format":"standard","meta":[],"categories":[3],"tags":[24,25,26,27],"_links":{"self":[{"href":"https:\/\/conpuntoyaloloco.com\/index.php?rest_route=\/wp\/v2\/posts\/688"}],"collection":[{"href":"https:\/\/conpuntoyaloloco.com\/index.php?rest_route=\/wp\/v2\/posts"}],"about":[{"href":"https:\/\/conpuntoyaloloco.com\/index.php?rest_route=\/wp\/v2\/types\/post"}],"author":[{"embeddable":true,"href":"https:\/\/conpuntoyaloloco.com\/index.php?rest_route=\/wp\/v2\/users\/2"}],"replies":[{"embeddable":true,"href":"https:\/\/conpuntoyaloloco.com\/index.php?rest_route=%2Fwp%2Fv2%2Fcomments&post=688"}],"version-history":[{"count":0,"href":"https:\/\/conpuntoyaloloco.com\/index.php?rest_route=\/wp\/v2\/posts\/688\/revisions"}],"wp:featuredmedia":[{"embeddable":true,"href":"https:\/\/conpuntoyaloloco.com\/index.php?rest_route=\/wp\/v2\/media\/692"}],"wp:attachment":[{"href":"https:\/\/conpuntoyaloloco.com\/index.php?rest_route=%2Fwp%2Fv2%2Fmedia&parent=688"}],"wp:term":[{"taxonomy":"category","embeddable":true,"href":"https:\/\/conpuntoyaloloco.com\/index.php?rest_route=%2Fwp%2Fv2%2Fcategories&post=688"},{"taxonomy":"post_tag","embeddable":true,"href":"https:\/\/conpuntoyaloloco.com\/index.php?rest_route=%2Fwp%2Fv2%2Ftags&post=688"}],"curies":[{"name":"wp","href":"https:\/\/api.w.org\/{rel}","templated":true}]}}