{"id":615,"date":"2018-03-20T16:55:19","date_gmt":"2018-03-20T16:55:19","guid":{"rendered":"https:\/\/conpuntoyalolocoblog.wordpress.com\/?p=615"},"modified":"2018-03-20T16:55:19","modified_gmt":"2018-03-20T16:55:19","slug":"medidas-para-tejer-gorro-de-ganchillo","status":"publish","type":"post","link":"https:\/\/conpuntoyaloloco.com\/?p=615","title":{"rendered":"MEDIDAS PARA TEJER GORRO DE GANCHILLO"},"content":{"rendered":"<p>Buenas a tod@s! c\u00f3mo va la semana?? la m\u00eda ajetreada como siempre&#8230; pero bueno, si parara de hacer cosas, creo que me aburrir\u00eda&#8230;nunca lo sabr\u00e9 \ud83d\ude09<\/p>\n<p>Esta semana adelanto la entrada que va de una informaci\u00f3n que vamos a necesitar para realizar el tutorial del fin de semana y es&#8230;<\/p>\n<p>Medidas para realizar un gorro de ganchillo en todas las tallas&#8230;bien!!!<\/p>\n<p>Cuando vas a tejer un gorro a ganchillo, si tienes el modelo cerca o es para t\u00ed, no hay problema, porque vas midiendo la amplitud del c\u00edrculo y ya est\u00e1, pero&#8230;\u00bfy si lo tejes para alguien que no tienes cerca? \u00bfo quieres hacer un regalito para un beb\u00e9 y no\u00a0 quieres preguntar cu\u00e1nto le mide la cabeza? Pues para eso os traigo el post de hoy, con medidas aproximadas tanto de ancho como de alto, para hacer un gorro de ganchillo en cualquier talla.<\/p>\n<p><img loading=\"lazy\" class=\"alignnone size-full wp-image-628\" src=\"https:\/\/conpuntoyalolocoblog.files.wordpress.com\/2018\/03\/captura-de-pantalla-2018-03-20-17-39-451.png\" alt=\"Captura de pantalla 2018-03-20 17.39.45\" width=\"1280\" height=\"706\" srcset=\"https:\/\/conpuntoyaloloco.com\/wp-content\/uploads\/2018\/03\/captura-de-pantalla-2018-03-20-17-39-451.png 1280w, https:\/\/conpuntoyaloloco.com\/wp-content\/uploads\/2018\/03\/captura-de-pantalla-2018-03-20-17-39-451-300x165.png 300w, https:\/\/conpuntoyaloloco.com\/wp-content\/uploads\/2018\/03\/captura-de-pantalla-2018-03-20-17-39-451-1024x565.png 1024w, https:\/\/conpuntoyaloloco.com\/wp-content\/uploads\/2018\/03\/captura-de-pantalla-2018-03-20-17-39-451-768x424.png 768w\" sizes=\"(max-width: 1280px) 100vw, 1280px\" \/><\/p>\n<p>&nbsp;<\/p>\n<p>Cuando me refiero a di\u00e1metro, quiero decir la zona de aumentos, en el tutorial lo veremos mejor. La altura se refiere a al altura total del gorro.<\/p>\n<p><img loading=\"lazy\" class=\" size-full wp-image-618 aligncenter\" src=\"https:\/\/conpuntoyalolocoblog.files.wordpress.com\/2018\/03\/img_20180314_173949.jpg\" alt=\"IMG_20180314_173949.jpg\" width=\"3968\" height=\"2240\" \/><\/p>\n<p>Son medidas de referencia, siempre pueden variar los tama\u00f1os, si ten\u00e9is la oportunidad, es mejor probar, claro est\u00e1.<\/p>\n<p>Un punticonsejo que os doy esque coj\u00e1is la medida mayor, es decir, si el beb\u00e9 tiene 6meses, elegid la talla 6-12 meses, no la 3-6meses (que es lo que hice yo y a Mateo le va justito y\u00a0 me ha tocado deshacer)<\/p>\n<p>Espero que os sea muy \u00fatil esta informaci\u00f3n, la pondremos en pr\u00e1ctica muy pronto!!<\/p>\n<p>Nos vemos!!<\/p>\n<p>&nbsp;<\/p>\n<p>&nbsp;<\/p>\n","protected":false},"excerpt":{"rendered":"<p>Buenas a tod@s! c\u00f3mo va la semana?? la m\u00eda ajetreada como siempre&#8230; pero bueno, si parara de hacer cosas, creo que me aburrir\u00eda&#8230;nunca lo sabr\u00e9 \ud83d\ude09 Esta semana adelanto la entrada que va de una informaci\u00f3n que vamos a necesitar para realizar el tutorial del fin de semana y es&#8230; Medidas para realizar un gorro [&hellip;]<\/p>\n","protected":false},"author":2,"featured_media":622,"comment_status":"open","ping_status":"open","sticky":false,"template":"","format":"standard","meta":[],"categories":[3],"tags":[44,63,64,65,66,89,123,124,127],"_links":{"self":[{"href":"https:\/\/conpuntoyaloloco.com\/index.php?rest_route=\/wp\/v2\/posts\/615"}],"collection":[{"href":"https:\/\/conpuntoyaloloco.com\/index.php?rest_route=\/wp\/v2\/posts"}],"about":[{"href":"https:\/\/conpuntoyaloloco.com\/index.php?rest_route=\/wp\/v2\/types\/post"}],"author":[{"embeddable":true,"href":"https:\/\/conpuntoyaloloco.com\/index.php?rest_route=\/wp\/v2\/users\/2"}],"replies":[{"embeddable":true,"href":"https:\/\/conpuntoyaloloco.com\/index.php?rest_route=%2Fwp%2Fv2%2Fcomments&post=615"}],"version-history":[{"count":0,"href":"https:\/\/conpuntoyaloloco.com\/index.php?rest_route=\/wp\/v2\/posts\/615\/revisions"}],"wp:featuredmedia":[{"embeddable":true,"href":"https:\/\/conpuntoyaloloco.com\/index.php?rest_route=\/wp\/v2\/media\/622"}],"wp:attachment":[{"href":"https:\/\/conpuntoyaloloco.com\/index.php?rest_route=%2Fwp%2Fv2%2Fmedia&parent=615"}],"wp:term":[{"taxonomy":"category","embeddable":true,"href":"https:\/\/conpuntoyaloloco.com\/index.php?rest_route=%2Fwp%2Fv2%2Fcategories&post=615"},{"taxonomy":"post_tag","embeddable":true,"href":"https:\/\/conpuntoyaloloco.com\/index.php?rest_route=%2Fwp%2Fv2%2Ftags&post=615"}],"curies":[{"name":"wp","href":"https:\/\/api.w.org\/{rel}","templated":true}]}}