{"id":614,"date":"2018-02-21T17:17:56","date_gmt":"2018-02-21T17:17:56","guid":{"rendered":"https:\/\/conpuntoyalolocoblog.wordpress.com\/?p=600"},"modified":"2018-02-21T17:17:56","modified_gmt":"2018-02-21T17:17:56","slug":"cose-conmigo-un-cobertor-de-porteo","status":"publish","type":"post","link":"https:\/\/conpuntoyaloloco.com\/?p=614","title":{"rendered":"COSE CONMIGO: UN COBERTOR DE PORTEO"},"content":{"rendered":"<p>Hola a todos!<\/p>\n<p>Bueno esta semana he estado muy liada preparando el tutorial del cobertor de porteo. Como me ha quedado un poco extenso el v\u00eddeo (aunque es una costura sencilla, tiene varios pasos) he decidido hacerlo en formato cose conmigo, \u00bfQu\u00e9 os parece?<\/p>\n<p>En esta entrada os ense\u00f1o las fotos de lo que vamos a coser, y os pongo la info de telas, materiales etc. adem\u00e1s os dejo el patr\u00f3n para descargar de forma gratuita. De esta manera podr\u00e9is ir haciendo acopio de los materiales y preparando el patr\u00f3n y lo empezaremos a coser el Domingo 25 de Febrero con el primer v\u00eddeo.<\/p>\n<p>Para no extenderme mucho, los siguientes v\u00eddeos los publicar\u00e9 el Mi\u00e9rcoles 28\/02\/2018 y el Viernes 2\/03\/2018, e ir\u00e9 enlazando los v\u00eddeos en esta entrada, para tenerlo todo prolijo ( que dir\u00eda mi t\u00eda Araceli&#8230;)<\/p>\n<p>Para los que no sep\u00e1is qu\u00e9 es un cobertor de porteo, una imagen vale m\u00e1s que mil palabras&#8230;<\/p>\n<p><img loading=\"lazy\" class=\"alignnone size-full wp-image-601\" src=\"https:\/\/conpuntoyalolocoblog.files.wordpress.com\/2018\/02\/blog.jpg\" alt=\"dav\" width=\"1684\" height=\"1928\" \/><\/p>\n<p>Esto es una especie de abriguito-capa que se coloca por encima del beb\u00e9 cuando va en la mochila, pa\u00f1uelo o dispositivo de porteo ( ergon\u00f3mico, por favor). Si sois fans del porteo como yo, os dar\u00e9is cuenta que meter al beb\u00e9 con su abrigo en la mochila, no es pr\u00e1ctico, porque pasan mucho calor, as\u00ed que este cobertor de porteo es ideal para que vayan abrigaditos, que adem\u00e1s lleva capucha.<\/p>\n<p>Yo me pongo la mochila encima del abrigo, o el abrigo abierto y a Mateo lo tapo con el cobertor, y va la mar de agusto y calentito.<\/p>\n<div id='gallery-1' class='gallery galleryid-614 gallery-columns-3 gallery-size-thumbnail'><figure class='gallery-item'>\n\t\t\t<div class='gallery-icon portrait'>\n\t\t\t\t<a href='https:\/\/conpuntoyaloloco.com\/?attachment_id=602'><img width=\"150\" height=\"150\" src=\"https:\/\/conpuntoyaloloco.com\/wp-content\/uploads\/2018\/02\/20180210_1857331-1-150x150.jpg\" class=\"attachment-thumbnail size-thumbnail\" alt=\"\" loading=\"lazy\" \/><\/a>\n\t\t\t<\/div><\/figure><figure class='gallery-item'>\n\t\t\t<div class='gallery-icon portrait'>\n\t\t\t\t<a href='https:\/\/conpuntoyaloloco.com\/?attachment_id=603'><img width=\"150\" height=\"150\" src=\"https:\/\/conpuntoyaloloco.com\/wp-content\/uploads\/2018\/02\/blog-150x150.jpg\" class=\"attachment-thumbnail size-thumbnail\" alt=\"\" loading=\"lazy\" aria-describedby=\"gallery-1-603\" \/><\/a>\n\t\t\t<\/div>\n\t\t\t\t<figcaption class='wp-caption-text gallery-caption' id='gallery-1-603'>\n\t\t\t\tdav\n\t\t\t\t<\/figcaption><\/figure><figure class='gallery-item'>\n\t\t\t<div class='gallery-icon portrait'>\n\t\t\t\t<a href='https:\/\/conpuntoyaloloco.com\/?attachment_id=605'><img width=\"150\" height=\"150\" src=\"https:\/\/conpuntoyaloloco.com\/wp-content\/uploads\/2018\/02\/blog2-150x150.jpg\" class=\"attachment-thumbnail size-thumbnail\" alt=\"\" loading=\"lazy\" aria-describedby=\"gallery-1-605\" \/><\/a>\n\t\t\t<\/div>\n\t\t\t\t<figcaption class='wp-caption-text gallery-caption' id='gallery-1-605'>\n\t\t\t\tdav\n\t\t\t\t<\/figcaption><\/figure>\n\t\t<\/div>\n\n<p>Me parece un imprescindible del beb\u00e9, sobretodo si es el segundo o tercero&#8230;que los porteamos m\u00e1s ( por lo menos en mi caso, necesidad obliga)<\/p>\n<p>Si quer\u00e9is parender a hacer este cobertor de porteo tan chulo, estad atentos a esta entrada, d\u00f3nde publicar\u00e9 el d\u00eda que corresponda el enlace al v\u00eddeo de Youtube en el que coseremos cada parte.<\/p>\n<p>Os cuento un poco los materiales que yo he utilizado, para que los teng\u00e1is preparados para el Domingo:<\/p>\n<ul>\n<li><span style=\"text-decoration:underline;\">Materiales:<\/span><\/li>\n<\/ul>\n<p><strong>Tela:<\/strong> con un metro (ancho 1.50m) os sobra, yo creo que me sale adem\u00e1s un abrigo para Mateo , talla 6 meses. Vale casi cualquier tela: forro polar, coralina, incluso pana, tela de abrigo&#8230;os recomiendo que no pese mucho, ya que es peso que os a\u00f1ad\u00eds.<\/p>\n<p>Yo encontr\u00e9 navegando por internet una tela que se llama Softshell, es la t\u00edpica de los cortavientos de monta\u00f1a, pero ahora la venden en estampados superguays, porque por lo visto est\u00e1 de moda ( y yo sin enterarme). No me pude resistir al estampado de estrellitas. Donde mejor de precio la encontr\u00e9 es en la tienda <a href=\"https:\/\/tejidospulido.com\">\u00abTejidos Pulido \u00ab<\/a> tienen tienda online pero no se si env\u00edo internacional ( no colaboro con ellos, aunque estar\u00eda bien \u00bfverdad? \ud83d\ude09 )<\/p>\n<p><img loading=\"lazy\" class=\"alignnone size-full wp-image-607\" src=\"https:\/\/conpuntoyalolocoblog.files.wordpress.com\/2018\/02\/img_20180214_192459_345.jpg\" alt=\"IMG_20180214_192459_345\" width=\"1152\" height=\"1152\" \/><\/p>\n<p>El caso es que tiene tres capas: neopreno-impermeable-forro polar, lo cual la hace ideal para este tipo de trabajos, adem\u00e1s no pesa nada y se cose genial, con lo cual os la recomiendo, aunque ya os digo que cualquiera que abrigue os puede valer.<\/p>\n<p><strong>Forro:<\/strong> aunque la tela no lo necesita y con un dobladillo me hubiera bastado, me parec\u00eda que quedaba mejor con forro, as\u00ed que us\u00e9 un punto de camiseta finito que ten\u00eda, porque me combinaba el color.<\/p>\n<p>Pod\u00e9is hacer distintas combinaciones: interior polar, experior un algod\u00f3n chulo&#8230;no hace falta que sea el\u00e1stica la tela.<\/p>\n<p><strong>Goma el\u00e1stica:<\/strong> 1 metro aprox. no muy ancha<\/p>\n<p><strong>Patr\u00f3n:<\/strong> propio, lo he sacado de otro cobertor y reducido las dimensiones porque todos los cobertores que me he probado parec\u00edan mantas zamoranas, que deben ser mantas muy enormes ( alguien de Zamora, que nos cuente&#8230;) pod\u00e9is adaptarlo a vuestra altura y anchura o tama\u00f1o del beb\u00e9, os lo cuento en el v\u00eddeo.<\/p>\n<p><strong><span style=\"color:#ff6600;\"><a title=\"cobertor porteo patron\" href=\"https:\/\/conpuntoyalolocoblog.files.wordpress.com\/2018\/02\/cobertor-porteo-patron.pdf\">DESCARGA EL PATR\u00d3N COBERTOR DE PORTEO GRATIS<\/a><\/span><\/strong><\/p>\n<p>Bolsillo y capucha sin patr\u00f3n, os lo cuento en su v\u00eddeo correspondiente, es muy f\u00e1cil.<\/p>\n<p><strong>Botones:<\/strong> para sujetar el cobertor al portabeb\u00e9 yo he usado snaps ( me encantan), pero pod\u00e9is usar autom\u00e1ticos o velcro.<\/p>\n<p>Hilo, tijeras, alfileres y m\u00e1quina de coser ( aunque no descart\u00e9is hacerlo a mano)<\/p>\n<p>&nbsp;<\/p>\n<div id='gallery-2' class='gallery galleryid-614 gallery-columns-2 gallery-size-thumbnail'><figure class='gallery-item'>\n\t\t\t<div class='gallery-icon portrait'>\n\t\t\t\t<a href='https:\/\/conpuntoyaloloco.com\/?attachment_id=603'><img width=\"150\" height=\"150\" src=\"https:\/\/conpuntoyaloloco.com\/wp-content\/uploads\/2018\/02\/blog-150x150.jpg\" class=\"attachment-thumbnail size-thumbnail\" alt=\"\" loading=\"lazy\" aria-describedby=\"gallery-2-603\" \/><\/a>\n\t\t\t<\/div>\n\t\t\t\t<figcaption class='wp-caption-text gallery-caption' id='gallery-2-603'>\n\t\t\t\tdav\n\t\t\t\t<\/figcaption><\/figure><figure class='gallery-item'>\n\t\t\t<div class='gallery-icon portrait'>\n\t\t\t\t<a href='https:\/\/conpuntoyaloloco.com\/?attachment_id=605'><img width=\"150\" height=\"150\" src=\"https:\/\/conpuntoyaloloco.com\/wp-content\/uploads\/2018\/02\/blog2-150x150.jpg\" class=\"attachment-thumbnail size-thumbnail\" alt=\"\" loading=\"lazy\" aria-describedby=\"gallery-2-605\" \/><\/a>\n\t\t\t<\/div>\n\t\t\t\t<figcaption class='wp-caption-text gallery-caption' id='gallery-2-605'>\n\t\t\t\tdav\n\t\t\t\t<\/figcaption><\/figure><figure class='gallery-item'>\n\t\t\t<div class='gallery-icon portrait'>\n\t\t\t\t<a href='https:\/\/conpuntoyaloloco.com\/?attachment_id=602'><img width=\"150\" height=\"150\" src=\"https:\/\/conpuntoyaloloco.com\/wp-content\/uploads\/2018\/02\/20180210_1857331-1-150x150.jpg\" class=\"attachment-thumbnail size-thumbnail\" alt=\"\" loading=\"lazy\" \/><\/a>\n\t\t\t<\/div><\/figure><figure class='gallery-item'>\n\t\t\t<div class='gallery-icon portrait'>\n\t\t\t\t<a href='https:\/\/conpuntoyaloloco.com\/?attachment_id=601'><img width=\"150\" height=\"150\" src=\"https:\/\/conpuntoyaloloco.com\/wp-content\/uploads\/2018\/02\/20180210_1857331-150x150.jpg\" class=\"attachment-thumbnail size-thumbnail\" alt=\"\" loading=\"lazy\" \/><\/a>\n\t\t\t<\/div><\/figure>\n\t\t<\/div>\n\n<p>Los v\u00eddeos os los dejo enlazados a continuaci\u00f3n, a partir del Domingo 25\/02\/2018<\/p>\n<p><span style=\"text-decoration:underline;\"><strong>Cose conmigo cobertor de porteo d\u00eda 1:<\/strong><\/span> sacar patr\u00f3n y cortar la tela. Coser el cuerpo y el bolsillo. \u00a0 \u00a0 \u00a0 \u00a0 \u00a0 \u00a0 \u00a0 \u00a0 \u00a0 \u00a0 \u00a0 \u00a0 \u00a0 \u00a0 \u00a0 \u00a0 \u00a0 \u00a0 \u00a0 \u00a0 \u00a0 \u00a0 <a href=\"https:\/\/youtu.be\/ud6OBAzeOWY\" target=\"_blank\" rel=\"noopener\"><img loading=\"lazy\" class=\"alignnone  wp-image-270\" src=\"https:\/\/conpuntoyalolocoblog.files.wordpress.com\/2016\/12\/icon-720946_640.png\" alt=\"icon-720946_640\" width=\"63\" height=\"21\" \/><\/a><\/p>\n<p><span style=\"text-decoration:underline;\"><strong>Cose conmigo cobertor de porteo d\u00eda 2:<\/strong><\/span> Pondremos los snaps y la goma el\u00e1stica.<\/p>\n<p><a href=\"https:\/\/youtu.be\/k8sAQoRnjqU\" target=\"_blank\" rel=\"noopener\"><img loading=\"lazy\" class=\"alignnone  wp-image-270\" src=\"https:\/\/conpuntoyalolocoblog.files.wordpress.com\/2016\/12\/icon-720946_640.png\" alt=\"icon-720946_640\" width=\"78\" height=\"26\" \/><\/a><\/p>\n<p><span style=\"text-decoration:underline;\"><strong>Cose conmigo cobertor de porteo d\u00eda 3:<\/strong><\/span> c\u00f3mo hacer una capucha sencilla.<\/p>\n<p><a href=\"https:\/\/youtu.be\/KDZ--sw4Wwg\" target=\"_blank\" rel=\"noopener\"><img loading=\"lazy\" class=\"alignnone  wp-image-270\" src=\"https:\/\/conpuntoyalolocoblog.files.wordpress.com\/2016\/12\/icon-720946_640.png\" alt=\"icon-720946_640\" width=\"78\" height=\"26\" \/><\/a><\/p>\n<p>Espero que muchos os anim\u00e9is con este proyecto, y me envi\u00e9is vuestras fotos que me encantar\u00eda publicarlas.<\/p>\n<p>As\u00ed que \u00e1nimo! compartid con qui\u00e9n quer\u00e1is y todos a lo loco a hacer cobertores de porteo!! Vuestros beb\u00e9s lo agradecer\u00e1n&#8230;<\/p>\n<p><img loading=\"lazy\" class=\"alignnone size-full wp-image-608\" src=\"https:\/\/conpuntoyalolocoblog.files.wordpress.com\/2018\/02\/blog7.jpg\" alt=\"dav\" width=\"2000\" height=\"2220\" \/><\/p>\n<p>&nbsp;<\/p>\n","protected":false},"excerpt":{"rendered":"<p>Hola a todos! Bueno esta semana he estado muy liada preparando el tutorial del cobertor de porteo. Como me ha quedado un poco extenso el v\u00eddeo (aunque es una costura sencilla, tiene varios pasos) he decidido hacerlo en formato cose conmigo, \u00bfQu\u00e9 os parece? En esta entrada os ense\u00f1o las fotos de lo que vamos [&hellip;]<\/p>\n","protected":false},"author":2,"featured_media":610,"comment_status":"open","ping_status":"open","sticky":false,"template":"","format":"standard","meta":[],"categories":[2],"tags":[7,28,29,35,40,41,107,121,129],"_links":{"self":[{"href":"https:\/\/conpuntoyaloloco.com\/index.php?rest_route=\/wp\/v2\/posts\/614"}],"collection":[{"href":"https:\/\/conpuntoyaloloco.com\/index.php?rest_route=\/wp\/v2\/posts"}],"about":[{"href":"https:\/\/conpuntoyaloloco.com\/index.php?rest_route=\/wp\/v2\/types\/post"}],"author":[{"embeddable":true,"href":"https:\/\/conpuntoyaloloco.com\/index.php?rest_route=\/wp\/v2\/users\/2"}],"replies":[{"embeddable":true,"href":"https:\/\/conpuntoyaloloco.com\/index.php?rest_route=%2Fwp%2Fv2%2Fcomments&post=614"}],"version-history":[{"count":0,"href":"https:\/\/conpuntoyaloloco.com\/index.php?rest_route=\/wp\/v2\/posts\/614\/revisions"}],"wp:featuredmedia":[{"embeddable":true,"href":"https:\/\/conpuntoyaloloco.com\/index.php?rest_route=\/wp\/v2\/media\/610"}],"wp:attachment":[{"href":"https:\/\/conpuntoyaloloco.com\/index.php?rest_route=%2Fwp%2Fv2%2Fmedia&parent=614"}],"wp:term":[{"taxonomy":"category","embeddable":true,"href":"https:\/\/conpuntoyaloloco.com\/index.php?rest_route=%2Fwp%2Fv2%2Fcategories&post=614"},{"taxonomy":"post_tag","embeddable":true,"href":"https:\/\/conpuntoyaloloco.com\/index.php?rest_route=%2Fwp%2Fv2%2Ftags&post=614"}],"curies":[{"name":"wp","href":"https:\/\/api.w.org\/{rel}","templated":true}]}}