{"id":585,"date":"2018-02-02T20:28:50","date_gmt":"2018-02-02T20:28:50","guid":{"rendered":"https:\/\/conpuntoyalolocoblog.wordpress.com\/?p=582"},"modified":"2018-02-02T20:28:50","modified_gmt":"2018-02-02T20:28:50","slug":"cesta-corazon-de-trapillo","status":"publish","type":"post","link":"https:\/\/conpuntoyaloloco.com\/?p=585","title":{"rendered":"CESTA CORAZ\u00d3N DE TRAPILLO"},"content":{"rendered":"<p>Y sin pena ni gloria&#8230;ya estamos en febrero, el mes del amor&#8230;<\/p>\n<p><img loading=\"lazy\" class=\"  wp-image-585 aligncenter\" src=\"https:\/\/conpuntoyalolocoblog.files.wordpress.com\/2018\/02\/20180201_140805.jpg\" alt=\"20180201_140805\" width=\"549\" height=\"412\" \/><\/p>\n<p>Y no es que yo lo celebre especialmente, con lo mal que llevo yo que me digan lo que tengo que hacer&#8230;no me van a decir a mi cu\u00e1ndo tengo que quere yo a mi marid\u00edn&#8230;pero bueno, por aquello de seguir las modas y tener un detalle, se me ha ocurrido hacer esta cestita de trapillo y llenarla de dulces, que no le amargan a nadie, esto es as\u00ed.<\/p>\n<p><img loading=\"lazy\" class=\"aligncenter size-full wp-image-588\" src=\"https:\/\/conpuntoyalolocoblog.files.wordpress.com\/2018\/02\/20180202_113320-e1517599744533.jpg?w=456\" alt=\"20180202_113320\" width=\"456\" height=\"498\" \/><\/p>\n<p>&nbsp;<\/p>\n<p>La base es un coraz\u00f3n (l\u00f3gico) del que me ha costado sacar el patr\u00f3n, pero finalmente, lo he conseguido, y lo pod\u00e9is usar para colgar o decorar otra cosa, o subir los bordes hacia arriba hasta tener una cesta.<\/p>\n<p><img loading=\"lazy\" class=\"alignleft size-medium wp-image-584\" src=\"https:\/\/conpuntoyalolocoblog.files.wordpress.com\/2018\/02\/20180201_140545-e1517599318587.jpg?w=276\" alt=\"20180201_140545\" width=\"276\" height=\"300\" \/> Para tejer la base en forma de coraz\u00f3n vamos a usar una combinaci\u00f3n de puntos que son sencillos, pero para que no os perd\u00e1is os dejo este pdf que os pod\u00e9is descargar <a title=\"tutoWORD(1)\" href=\"https:\/\/conpuntoyalolocoblog.files.wordpress.com\/2018\/02\/tutoword1.pdf\">aqu\u00ed.<\/a><\/p>\n<p>En cuanto a los materiales, yo he tejido la cesta en trapillo rojo y con aguja del 10, pero pod\u00e9is usar cualquier hilo y hacerlo m\u00e1s grande o m\u00e1s peque\u00f1os.<\/p>\n<p>&nbsp;<\/p>\n<p>&nbsp;<\/p>\n<div id='gallery-1' class='gallery galleryid-585 gallery-columns-3 gallery-size-thumbnail'><figure class='gallery-item'>\n\t\t\t<div class='gallery-icon portrait'>\n\t\t\t\t<a href='https:\/\/conpuntoyaloloco.com\/?attachment_id=588'><img width=\"150\" height=\"150\" src=\"https:\/\/conpuntoyaloloco.com\/wp-content\/uploads\/2018\/02\/20180202_113119-150x150.jpg\" class=\"attachment-thumbnail size-thumbnail\" alt=\"\" loading=\"lazy\" \/><\/a>\n\t\t\t<\/div><\/figure><figure class='gallery-item'>\n\t\t\t<div class='gallery-icon portrait'>\n\t\t\t\t<a href='https:\/\/conpuntoyaloloco.com\/?attachment_id=586'><img width=\"150\" height=\"150\" src=\"https:\/\/conpuntoyaloloco.com\/wp-content\/uploads\/2018\/02\/20180201_140545-e1517599318587-150x150.jpg\" class=\"attachment-thumbnail size-thumbnail\" alt=\"\" loading=\"lazy\" \/><\/a>\n\t\t\t<\/div><\/figure>\n\t\t<\/div>\n\n<p>En Youtube os dejo el v\u00eddeo para que ya sea muy muy f\u00e1cil tejer esta cajita en forma de coraz\u00f3n.<\/p>\n<p><a href=\"https:\/\/youtu.be\/C1kIqI65nV8\" target=\"_blank\" rel=\"noopener\"><img loading=\"lazy\" class=\"alignnone  wp-image-270\" src=\"https:\/\/conpuntoyalolocoblog.files.wordpress.com\/2016\/12\/icon-720946_640.png\" alt=\"icon-720946_640\" width=\"118\" height=\"39\" \/><\/a><\/p>\n<p>Pod\u00e9is rellenarla de lo que m\u00e1s os guste, envolverla en papel transparente y ponerle un lazo, una tarjeta, brilli brilli y toooodo lo que quer\u00e1is, en distintos rangos de cursi&#8230;en San Valent\u00edn, \u00a1\u00a1se admite todo!!<\/p>\n<p>\u00bfY vosotros? \u00bfhac\u00e9is algun detalle para San Valent\u00edn?\u00bf o sois de quereros todos los d\u00edas?<\/p>\n","protected":false},"excerpt":{"rendered":"<p>Y sin pena ni gloria&#8230;ya estamos en febrero, el mes del amor&#8230; Y no es que yo lo celebre especialmente, con lo mal que llevo yo que me digan lo que tengo que hacer&#8230;no me van a decir a mi cu\u00e1ndo tengo que quere yo a mi marid\u00edn&#8230;pero bueno, por aquello de seguir las modas [&hellip;]<\/p>\n","protected":false},"author":2,"featured_media":587,"comment_status":"open","ping_status":"open","sticky":false,"template":"","format":"standard","meta":[],"categories":[1],"tags":[19,20,23,34,54,120,126,131],"_links":{"self":[{"href":"https:\/\/conpuntoyaloloco.com\/index.php?rest_route=\/wp\/v2\/posts\/585"}],"collection":[{"href":"https:\/\/conpuntoyaloloco.com\/index.php?rest_route=\/wp\/v2\/posts"}],"about":[{"href":"https:\/\/conpuntoyaloloco.com\/index.php?rest_route=\/wp\/v2\/types\/post"}],"author":[{"embeddable":true,"href":"https:\/\/conpuntoyaloloco.com\/index.php?rest_route=\/wp\/v2\/users\/2"}],"replies":[{"embeddable":true,"href":"https:\/\/conpuntoyaloloco.com\/index.php?rest_route=%2Fwp%2Fv2%2Fcomments&post=585"}],"version-history":[{"count":0,"href":"https:\/\/conpuntoyaloloco.com\/index.php?rest_route=\/wp\/v2\/posts\/585\/revisions"}],"wp:featuredmedia":[{"embeddable":true,"href":"https:\/\/conpuntoyaloloco.com\/index.php?rest_route=\/wp\/v2\/media\/587"}],"wp:attachment":[{"href":"https:\/\/conpuntoyaloloco.com\/index.php?rest_route=%2Fwp%2Fv2%2Fmedia&parent=585"}],"wp:term":[{"taxonomy":"category","embeddable":true,"href":"https:\/\/conpuntoyaloloco.com\/index.php?rest_route=%2Fwp%2Fv2%2Fcategories&post=585"},{"taxonomy":"post_tag","embeddable":true,"href":"https:\/\/conpuntoyaloloco.com\/index.php?rest_route=%2Fwp%2Fv2%2Ftags&post=585"}],"curies":[{"name":"wp","href":"https:\/\/api.w.org\/{rel}","templated":true}]}}