{"id":452,"date":"2017-06-21T15:34:37","date_gmt":"2017-06-21T15:34:37","guid":{"rendered":"https:\/\/conpuntoyalolocoblog.wordpress.com\/?p=452"},"modified":"2017-06-21T15:34:37","modified_gmt":"2017-06-21T15:34:37","slug":"como-transformar-un-pantalon-a-pantalon-premama","status":"publish","type":"post","link":"https:\/\/conpuntoyaloloco.com\/?p=452","title":{"rendered":"COMO TRANSFORMAR UN PANTAL\u00d3N A PANTAL\u00d3N PREMAM\u00c1"},"content":{"rendered":"<p>Bueno bueno, pues hoy es un d\u00eda especial y es que traigo una gran noticia&#8230;<\/p>\n<p>\u00a1\u00a1\u00a1Aumentamos la familia!!!<\/p>\n<p>Si todo va bien ( que esperemos que s\u00ed) a finales de Septiembre seremos pap\u00e1s de nuevo de otro ni\u00f1o preciosete!!<\/p>\n<p>La felicidad de momento se vuelve preocupaci\u00f3n cuando empiezas a ver que ya no cabes en tus pantalonespitillodepersonanormal, y que nada te abrocha&#8230;horror!!<\/p>\n<p>Y te lanzas a la b\u00fasqueda de la ropa premam\u00e1, o ropa supercaraquenovoyausarm\u00e1squeunosmeses&#8230;<\/p>\n<p>En mi caso iba a la b\u00fasqueda de pantalones cortos, gracias a este fr\u00edo polar que hace en Madrid ( iron\u00eda modo on) y, la verdad, los precios que encontr\u00e9, no encajan con mi mentalidad de \u00ablo que me gusta una ganga\u00bb, y para usarlos un par de meses, como que no&#8230;<\/p>\n<p>Entonces entr\u00e9 al (bendito) Primark, y encontr\u00e9 los pantalones vaqueros ideales ( m\u00e1s largos que unas bragas me refiero) y &#8230;por 6 euros!! &#8230;pero&#8230;no eran para barrigas en proceso de expansi\u00f3n&#8230;<\/p>\n<p>Como una es mujer de recursos, ( y veterana en esto de los embarazos) me acord\u00e9 c\u00f3mo adapt\u00e9 una falda normal en mi anterior embarazo para hac\u00e9rmela premam\u00e1, as\u00ed que compr\u00e9 los pantalones y me puse manos a la obra para ense\u00f1aros como hacerlo&#8230;<\/p>\n<p>Aqu\u00ed ten\u00e9is el tutorial en v\u00eddeo, que se explica mucho mejor.<\/p>\n<p><a href=\"https:\/\/youtu.be\/Ah7sCYJU0Uw\"><img loading=\"lazy\" class=\"aligncenter size-medium wp-image-270\" src=\"https:\/\/conpuntoyalolocoblog.files.wordpress.com\/2016\/12\/icon-720946_640.png?w=300\" alt=\"icon-720946_640\" width=\"300\" height=\"99\" \/><\/a><\/p>\n<p>Como materiales necesit\u00e1reis:<\/p>\n<ul>\n<li>Pantal\u00f3n o falda que quer\u00e1is transformar.<\/li>\n<li>Camiseta, leggins viejos o una banda de tela el\u00e1stica.<\/li>\n<li>Tijeras, alfileres y m\u00e1quina de coser ( que tambi\u00e9n lo puedes coser a mano, aunque es m\u00e1s trabajo).<\/li>\n<\/ul>\n<p>S\u00f3lo hay que cortar la cintura del pantal\u00f3n, cortar la banda de la anchura que quer\u00e1is y coserlo de la manera que os explico en el v\u00eddeo&#8230;no creo que tard\u00e9is m\u00e1s de 15 minutos&#8230;y este es el resultado!!<\/p>\n<figure id=\"attachment_474\" aria-describedby=\"caption-attachment-474\" style=\"width: 1280px\" class=\"wp-caption alignnone\"><img loading=\"lazy\" class=\"alignnone size-full wp-image-474\" src=\"https:\/\/conpuntoyalolocoblog.files.wordpress.com\/2017\/06\/thumbnail_20170621_105831.jpg\" alt=\"thumbnail_20170621_105831\" width=\"1280\" height=\"720\" srcset=\"https:\/\/conpuntoyaloloco.com\/wp-content\/uploads\/2017\/06\/thumbnail_20170621_105831.jpg 1280w, https:\/\/conpuntoyaloloco.com\/wp-content\/uploads\/2017\/06\/thumbnail_20170621_105831-300x169.jpg 300w, https:\/\/conpuntoyaloloco.com\/wp-content\/uploads\/2017\/06\/thumbnail_20170621_105831-1024x576.jpg 1024w, https:\/\/conpuntoyaloloco.com\/wp-content\/uploads\/2017\/06\/thumbnail_20170621_105831-768x432.jpg 768w\" sizes=\"(max-width: 1280px) 100vw, 1280px\" \/><figcaption id=\"caption-attachment-474\" class=\"wp-caption-text\">Barriga actualizada a 21\/06\/2017<\/figcaption><\/figure>\n<p>Pues con esto me despido, que tengo que seguir gestando ( ideas y personas, esto es as\u00ed)<\/p>\n<p>Comentadme qu\u00e9 os ha parecido!!!<\/p>\n<p>&nbsp;<\/p>\n","protected":false},"excerpt":{"rendered":"<p>Bueno bueno, pues hoy es un d\u00eda especial y es que traigo una gran noticia&#8230; \u00a1\u00a1\u00a1Aumentamos la familia!!! Si todo va bien ( que esperemos que s\u00ed) a finales de Septiembre seremos pap\u00e1s de nuevo de otro ni\u00f1o preciosete!! La felicidad de momento se vuelve preocupaci\u00f3n cuando empiezas a ver que ya no cabes en [&hellip;]<\/p>\n","protected":false},"author":2,"featured_media":473,"comment_status":"open","ping_status":"open","sticky":false,"template":"","format":"standard","meta":[],"categories":[2],"tags":[38,97,98,99,115],"_links":{"self":[{"href":"https:\/\/conpuntoyaloloco.com\/index.php?rest_route=\/wp\/v2\/posts\/452"}],"collection":[{"href":"https:\/\/conpuntoyaloloco.com\/index.php?rest_route=\/wp\/v2\/posts"}],"about":[{"href":"https:\/\/conpuntoyaloloco.com\/index.php?rest_route=\/wp\/v2\/types\/post"}],"author":[{"embeddable":true,"href":"https:\/\/conpuntoyaloloco.com\/index.php?rest_route=\/wp\/v2\/users\/2"}],"replies":[{"embeddable":true,"href":"https:\/\/conpuntoyaloloco.com\/index.php?rest_route=%2Fwp%2Fv2%2Fcomments&post=452"}],"version-history":[{"count":0,"href":"https:\/\/conpuntoyaloloco.com\/index.php?rest_route=\/wp\/v2\/posts\/452\/revisions"}],"wp:featuredmedia":[{"embeddable":true,"href":"https:\/\/conpuntoyaloloco.com\/index.php?rest_route=\/wp\/v2\/media\/473"}],"wp:attachment":[{"href":"https:\/\/conpuntoyaloloco.com\/index.php?rest_route=%2Fwp%2Fv2%2Fmedia&parent=452"}],"wp:term":[{"taxonomy":"category","embeddable":true,"href":"https:\/\/conpuntoyaloloco.com\/index.php?rest_route=%2Fwp%2Fv2%2Fcategories&post=452"},{"taxonomy":"post_tag","embeddable":true,"href":"https:\/\/conpuntoyaloloco.com\/index.php?rest_route=%2Fwp%2Fv2%2Ftags&post=452"}],"curies":[{"name":"wp","href":"https:\/\/api.w.org\/{rel}","templated":true}]}}